{"id":28428,"date":"2025-08-27T06:57:52","date_gmt":"2025-08-27T04:57:52","guid":{"rendered":"https:\/\/www.tscmb.si\/?p=28428"},"modified":"2025-08-27T11:02:09","modified_gmt":"2025-08-27T09:02:09","slug":"roditeljski-sestanki-za-1-letnike-2025-26","status":"publish","type":"post","link":"https:\/\/www.tscmb.si\/en\/obvestila\/srednja-sola-obvestila\/roditeljski-sestanki-za-1-letnike-2025-26\/","title":{"rendered":"Roditeljski sestanki za 1. letnike 2025\/26"},"content":{"rendered":"<style type=\"text\/css\"><\/style><p>Spo\u0161tovani star\u0161i oz. skrbniki!<\/p>\n<p>Vabimo vas na <a href=\"https:\/\/www.tscmb.si\/wp-content\/uploads\/2025\/08\/1.-RODITELJSKI-SESTANEK-za-1.-letnike-SPI-SSI-PTI.pdf\"><strong>1. roditeljski sestane<\/strong><strong>k<\/strong><\/a> v novem \u0161olskem letu 2025\/2026, ki bo potekal v \u0161portni dvorani T\u0160C Maribor. Po skupnem delu sre\u010danja bodo sledili sestanki z razredniki po razporedu. Spodaj si lahko ogledate terminski na\u010drt sestankov po dnevih.<\/p>\n<h3><strong><u>SREDA, 3. 9. 2025, ob 17.00<\/u><\/strong><\/h3>\n<h4>SREDNJE POKLICNO IZOBRA\u017dEVANJE &#8211; SPI<\/h4>\n<p>Skupni del: Sprejem v \u0161portni dvorani<\/p>\n<p>Sestanki z razredniki po razredih:<\/p>\n<table style=\"height: 227px;\" width=\"616\">\n<tbody>\n<tr>\n<td width=\"89\"><strong>Razred<\/strong><\/td>\n<td width=\"169\"><strong>Razredni\u010darka \/ Razrednik<\/strong><\/td>\n<td width=\"255\"><strong>Program<\/strong><\/td>\n<td width=\"104\"><strong>U\u010dilnica<\/strong><\/td>\n<\/tr>\n<tr>\n<td width=\"89\">1.a\/2<\/td>\n<td width=\"169\">Bla\u017e Ritonja<\/td>\n<td width=\"255\">SPI &#8211; avtoserviser<\/td>\n<td width=\"104\"><strong>C 103<\/strong><\/td>\n<\/tr>\n<tr>\n<td width=\"89\">1.b\/2<\/td>\n<td width=\"169\">Attila Fti\u010dar<\/td>\n<td width=\"255\">SPI &#8211; avtoserviser<\/td>\n<td width=\"104\"><strong>C 005<\/strong><\/td>\n<\/tr>\n<tr>\n<td width=\"89\">1.c\/2<\/td>\n<td width=\"169\">Bo\u0161tjan Vo\u0161nik<\/td>\n<td width=\"255\">SPI &#8211; avtoserviser<\/td>\n<td width=\"104\"><strong>C 003<\/strong><\/td>\n<\/tr>\n<tr>\n<td width=\"89\">1.d\/2<\/td>\n<td width=\"169\">Du\u0161an Merklin<\/td>\n<td width=\"255\">SPI &#8211; avtokaroserist<\/td>\n<td width=\"104\"><strong>C 113<\/strong><\/td>\n<\/tr>\n<tr>\n<td width=\"89\">1.e\/2<\/td>\n<td width=\"169\">Marko Jur\u0161i\u010d<\/td>\n<td width=\"255\">SPI &#8211; in\u0161talater strojnih in\u0161talacij<\/td>\n<td width=\"104\"><strong>C 101<\/strong><\/td>\n<\/tr>\n<tr>\n<td width=\"89\">1.f\/2<\/td>\n<td width=\"169\">Jasna Strnad<\/td>\n<td width=\"255\">SPI &#8211; mehatronik operater<br \/>\nSPI &#8211; oblikovalec kovin orodjar<\/td>\n<td width=\"104\"><strong>C 105<\/strong><\/td>\n<\/tr>\n<\/tbody>\n<\/table>\n<h3><\/h3>\n<h3><strong><u>\u010cETRTEK, 4. 9. 2025, ob 17.00<\/u><\/strong><\/h3>\n<h4>SREDNJE STROKOVNO IZOBRA\u017dEVANJE &#8211; SSI<\/h4>\n<h4>POKLICNO TEHNI\u0160KO IZOBRA\u017dEVANJE &#8211; PTI<\/h4>\n<p>Skupni del: Sprejem v \u0161portni dvorani<\/p>\n<p>Sestanki z razredniki po razredih:<\/p>\n<table width=\"617\">\n<tbody>\n<tr>\n<td width=\"89\"><strong>Razred<\/strong><\/td>\n<td width=\"169\"><strong>Razredni\u010darka \/ Razrednik<\/strong><\/td>\n<td width=\"255\"><strong>Program<\/strong><\/td>\n<td width=\"104\"><strong>U\u010dilnica<\/strong><\/td>\n<\/tr>\n<tr>\n<td width=\"89\">1.a\/1<\/td>\n<td width=\"169\">Viktorija \u0160ijanec<\/td>\n<td width=\"255\">SSI &#8211; strojni tehnik<\/td>\n<td width=\"104\"><strong>C 213<\/strong><\/td>\n<\/tr>\n<tr>\n<td width=\"89\">1.b\/1<\/td>\n<td width=\"169\">Anka Jemen\u0161ek<\/td>\n<td width=\"255\">SSI &#8211; strojni tehnik<br \/>\nSSI &#8211; tehnik mehatronike<\/td>\n<td width=\"104\"><strong>C 205<\/strong><\/td>\n<\/tr>\n<tr>\n<td width=\"89\">1.c\/1<\/td>\n<td width=\"169\">Irena Weissensteiner<\/td>\n<td width=\"255\">SSI &#8211; tehnik mehatronike<\/td>\n<td width=\"104\"><strong>C 108<\/strong><\/td>\n<\/tr>\n<\/tbody>\n<\/table>\n<h3><\/h3>\n<table width=\"617\">\n<tbody>\n<tr>\n<td width=\"89\"><strong>Razred<\/strong><\/td>\n<td width=\"169\"><strong>Razredni\u010darka \/ Razrednik<\/strong><\/td>\n<td width=\"255\"><strong>Program<\/strong><\/td>\n<td width=\"104\"><strong>U\u010dilnica<\/strong><\/td>\n<\/tr>\n<tr>\n<td width=\"89\">1.d\/1<\/td>\n<td width=\"169\">Petar Kos<\/td>\n<td width=\"255\">PTI \u2013 strojni tehnik<\/td>\n<td width=\"104\"><strong>C 303<\/strong><\/td>\n<\/tr>\n<tr>\n<td width=\"89\">1.e\/1<\/td>\n<td width=\"169\">Lidija Krajnc<\/td>\n<td width=\"255\">PTI \u2013 avtoservisni tehnik<\/td>\n<td width=\"104\"><strong>A 202<\/strong><\/td>\n<\/tr>\n<\/tbody>\n<\/table>\n<p>&nbsp;<\/p>\n","protected":false},"excerpt":{"rendered":"<p>Spo\u0161tovani star\u0161i oz. skrbniki! Vabimo vas na 1. roditeljski sestanek v novem \u0161olskem letu 2025\/2026, ki bo potekal v \u0161portni dvorani T\u0160C Maribor. Po skupnem delu sre\u010danja bodo sledili sestanki z razredniki po razporedu. Spodaj si lahko ogledate terminski na\u010drt sestankov po dnevih. SREDA, 3. 9. 2025, ob 17.00 SREDNJE POKLICNO IZOBRA\u017dEVANJE &#8211; SPI Skupni&#8230;<\/p>\n","protected":false},"author":16,"featured_media":0,"comment_status":"closed","ping_status":"closed","sticky":false,"template":"","format":"standard","meta":[],"categories":[43],"tags":[],"_links":{"self":[{"href":"https:\/\/www.tscmb.si\/en\/wp-json\/wp\/v2\/posts\/28428"}],"collection":[{"href":"https:\/\/www.tscmb.si\/en\/wp-json\/wp\/v2\/posts"}],"about":[{"href":"https:\/\/www.tscmb.si\/en\/wp-json\/wp\/v2\/types\/post"}],"author":[{"embeddable":true,"href":"https:\/\/www.tscmb.si\/en\/wp-json\/wp\/v2\/users\/16"}],"replies":[{"embeddable":true,"href":"https:\/\/www.tscmb.si\/en\/wp-json\/wp\/v2\/comments?post=28428"}],"version-history":[{"count":12,"href":"https:\/\/www.tscmb.si\/en\/wp-json\/wp\/v2\/posts\/28428\/revisions"}],"predecessor-version":[{"id":28448,"href":"https:\/\/www.tscmb.si\/en\/wp-json\/wp\/v2\/posts\/28428\/revisions\/28448"}],"wp:attachment":[{"href":"https:\/\/www.tscmb.si\/en\/wp-json\/wp\/v2\/media?parent=28428"}],"wp:term":[{"taxonomy":"category","embeddable":true,"href":"https:\/\/www.tscmb.si\/en\/wp-json\/wp\/v2\/categories?post=28428"},{"taxonomy":"post_tag","embeddable":true,"href":"https:\/\/www.tscmb.si\/en\/wp-json\/wp\/v2\/tags?post=28428"}],"curies":[{"name":"wp","href":"https:\/\/api.w.org\/{rel}","templated":true}]}}