{"id":28981,"date":"2025-11-14T11:20:35","date_gmt":"2025-11-14T09:20:35","guid":{"rendered":"https:\/\/www.tscmb.si\/?p=28981"},"modified":"2025-11-17T10:37:18","modified_gmt":"2025-11-17T08:37:18","slug":"erasmus-dan-mobilnosti-2","status":"publish","type":"post","link":"https:\/\/www.tscmb.si\/en\/obvestila\/visja-sola-obvestila\/erasmus-dan-mobilnosti-2\/","title":{"rendered":"Erasmus+ dan mobilnosti"},"content":{"rendered":"<style type=\"text\/css\"><\/style><p>Spo\u0161tovani \u0161tudenti in \u0161tudentke,<\/p>\n<p>vljudno vas vabimo na <strong>Erasmus+ dan mobilnosti<\/strong>, ki bo potekal v<strong> \u010detrtek, 20. novembra 2025, ob 12.30 uri <\/strong>v predavalnici<strong> A308.<\/strong> Dogodek bo trajal pribli\u017eno <strong>30\u201345 minut.<\/strong><\/p>\n<p>Predstavitev bo vodil <strong>g. Nejc Gaj\u0161ek<\/strong> iz Skupnosti vi\u0161jih strokovnih \u0161ol, organizator mobilnosti za projekt Erasmus+, ki vam bo predstavil vse pomembne informacije o mo\u017enostih <strong>\u0161tudija<\/strong> in <strong>opravljanja prakse v tujini<\/strong><strong>, vklju\u010dno s financiranjem<\/strong>.<\/p>\n<p>Dodatno pa boste na predstavitvi lahko prisluhnili tudi <strong>izku\u0161njam na\u0161ih \u0161tudentov<\/strong>, ki so se Erasmus+ mobilnosti udele\u017eili v preteklem \u0161tudijskem letu in imeli mo\u017enost zastaviti vpra\u0161anja ter prejeti prakti\u010dne nasvete iz prve roke.<\/p>\n<p>Vljudno vabljeni <strong>vsi \u0161tudenti 1. in 2. letnika obeh \u0161tudijskih programov<\/strong>, ki razmi\u0161ljate o praksi ali \u0161tudiju v tujini in \u017eelite izvedeti ve\u010d.<\/p>\n<p>Veselimo se va\u0161e udele\u017ebe in dru\u017eenja z\u00a0vami!<\/p>\n<p><img loading=\"lazy\" class=\"alignnone wp-image-28984\" src=\"https:\/\/www.tscmb.si\/wp-content\/uploads\/2025\/11\/ChatGPT-Image-14.-nov.-2025-10_19_41-300x200.png\" alt=\"\" width=\"617\" height=\"411\" srcset=\"https:\/\/www.tscmb.si\/wp-content\/uploads\/2025\/11\/ChatGPT-Image-14.-nov.-2025-10_19_41-300x200.png 300w, https:\/\/www.tscmb.si\/wp-content\/uploads\/2025\/11\/ChatGPT-Image-14.-nov.-2025-10_19_41-1024x683.png 1024w, https:\/\/www.tscmb.si\/wp-content\/uploads\/2025\/11\/ChatGPT-Image-14.-nov.-2025-10_19_41-768x512.png 768w, https:\/\/www.tscmb.si\/wp-content\/uploads\/2025\/11\/ChatGPT-Image-14.-nov.-2025-10_19_41-580x387.png 580w, https:\/\/www.tscmb.si\/wp-content\/uploads\/2025\/11\/ChatGPT-Image-14.-nov.-2025-10_19_41-860x573.png 860w, https:\/\/www.tscmb.si\/wp-content\/uploads\/2025\/11\/ChatGPT-Image-14.-nov.-2025-10_19_41-1160x773.png 1160w, https:\/\/www.tscmb.si\/wp-content\/uploads\/2025\/11\/ChatGPT-Image-14.-nov.-2025-10_19_41.png 1536w\" sizes=\"(max-width: 617px) 100vw, 617px\" \/><\/p>\n","protected":false},"excerpt":{"rendered":"<p>Spo\u0161tovani \u0161tudenti in \u0161tudentke, vljudno vas vabimo na Erasmus+ dan mobilnosti, ki bo potekal v \u010detrtek, 20. novembra 2025, ob 12.30 uri v predavalnici A308. Dogodek bo trajal pribli\u017eno 30\u201345 minut. Predstavitev bo vodil g. Nejc Gaj\u0161ek iz Skupnosti vi\u0161jih strokovnih \u0161ol, organizator mobilnosti za projekt Erasmus+, ki vam bo predstavil vse pomembne informacije o&#8230;<\/p>\n","protected":false},"author":7,"featured_media":0,"comment_status":"closed","ping_status":"closed","sticky":false,"template":"","format":"standard","meta":[],"categories":[44],"tags":[],"_links":{"self":[{"href":"https:\/\/www.tscmb.si\/en\/wp-json\/wp\/v2\/posts\/28981"}],"collection":[{"href":"https:\/\/www.tscmb.si\/en\/wp-json\/wp\/v2\/posts"}],"about":[{"href":"https:\/\/www.tscmb.si\/en\/wp-json\/wp\/v2\/types\/post"}],"author":[{"embeddable":true,"href":"https:\/\/www.tscmb.si\/en\/wp-json\/wp\/v2\/users\/7"}],"replies":[{"embeddable":true,"href":"https:\/\/www.tscmb.si\/en\/wp-json\/wp\/v2\/comments?post=28981"}],"version-history":[{"count":3,"href":"https:\/\/www.tscmb.si\/en\/wp-json\/wp\/v2\/posts\/28981\/revisions"}],"predecessor-version":[{"id":29000,"href":"https:\/\/www.tscmb.si\/en\/wp-json\/wp\/v2\/posts\/28981\/revisions\/29000"}],"wp:attachment":[{"href":"https:\/\/www.tscmb.si\/en\/wp-json\/wp\/v2\/media?parent=28981"}],"wp:term":[{"taxonomy":"category","embeddable":true,"href":"https:\/\/www.tscmb.si\/en\/wp-json\/wp\/v2\/categories?post=28981"},{"taxonomy":"post_tag","embeddable":true,"href":"https:\/\/www.tscmb.si\/en\/wp-json\/wp\/v2\/tags?post=28981"}],"curies":[{"name":"wp","href":"https:\/\/api.w.org\/{rel}","templated":true}]}}